{"id":1982,"date":"2025-05-15T00:45:26","date_gmt":"2025-05-15T00:45:26","guid":{"rendered":"https:\/\/mispequenosgigantes.edu.co\/?p=1982"},"modified":"2026-05-03T02:12:03","modified_gmt":"2026-05-03T02:12:03","slug":"hoy-en-mis-pequenos-gigantes-celebramos-el-dia-del-maestro2","status":"publish","type":"post","link":"https:\/\/mispequenosgigantes.edu.co\/index.php\/2025\/05\/15\/hoy-en-mis-pequenos-gigantes-celebramos-el-dia-del-maestro2\/","title":{"rendered":"Hoy en mis peque\u00f1os Gigantes celebramos el d\u00eda del maestro"},"content":{"rendered":"<p>[et_pb_section fb_built=\u00bb1&#8243; admin_label=\u00bbsection\u00bb _builder_version=\u00bb4.27.6&#8243; hover_enabled=\u00bb0&#8243; global_colors_info=\u00bb{}\u00bb theme_builder_area=\u00bbpost_content\u00bb background_color=\u00bbRGBA(255,255,255,0)\u00bb sticky_enabled=\u00bb0&#8243;][et_pb_row admin_label=\u00bbrow\u00bb _builder_version=\u00bb4.16&#8243; background_size=\u00bbinitial\u00bb background_position=\u00bbtop_left\u00bb background_repeat=\u00bbrepeat\u00bb global_colors_info=\u00bb{}\u00bb theme_builder_area=\u00bbpost_content\u00bb][et_pb_column type=\u00bb4_4&#8243; _builder_version=\u00bb4.16&#8243; custom_padding=\u00bb|||\u00bb global_colors_info=\u00bb{}\u00bb custom_padding__hover=\u00bb|||\u00bb theme_builder_area=\u00bbpost_content\u00bb][et_pb_text _builder_version=\u00bb4.27.6&#8243; _module_preset=\u00bbdefault\u00bb text_font=\u00bbAcme|700|||||||\u00bb text_text_color=\u00bb#2E3A59&#8243; hover_enabled=\u00bb0&#8243; global_colors_info=\u00bb{}\u00bb theme_builder_area=\u00bbpost_content\u00bb custom_padding=\u00bb|15%||15%|false|false\u00bb sticky_enabled=\u00bb0&#8243; text_font_size=\u00bb18px\u00bb text_line_height=\u00bb1.8em\u00bb]<\/p>\n<p data-start=\"100\" data-end=\"419\"><strong data-start=\"100\" data-end=\"163\">Hoy en Mis Peque\u00f1os Gigantes celebramos el D\u00eda del Maestro.<\/strong><br data-start=\"163\" data-end=\"166\" \/>En esta fecha tan especial, queremos exaltar y agradecer la maravillosa labor que cada una de ustedes realiza d\u00eda a d\u00eda. Ser maestro no es solo ense\u00f1ar contenidos, es acompa\u00f1ar, guiar, escuchar y formar con amor a cada ni\u00f1o y ni\u00f1a que llega a sus manos.<\/p>\n<p data-start=\"421\" data-end=\"795\">Gracias por ense\u00f1ar con el coraz\u00f3n, por su paciencia infinita, por su entrega y compromiso, y por dejar huella en cada uno de los peque\u00f1os gigantes. Su labor inspira, transforma vidas y construye futuros llenos de esperanza. Cada palabra, cada gesto y cada ense\u00f1anza quedan sembrados en el coraz\u00f3n de nuestros ni\u00f1os y ni\u00f1as, acompa\u00f1\u00e1ndolos en su crecimiento personal y acad\u00e9mico.<\/p>\n<p data-start=\"797\" data-end=\"975\" data-is-last-node=\"\" data-is-only-node=\"\">Hoy celebramos su vocaci\u00f3n, su esfuerzo constante y el amor con el que hacen posible que aprender sea una experiencia significativa y llena de alegr\u00eda. \u00a1Feliz D\u00eda del Maestro!<\/p>\n<p>[\/et_pb_text][\/et_pb_column][\/et_pb_row][et_pb_row _builder_version=\u00bb4.27.6&#8243; _module_preset=\u00bbdefault\u00bb theme_builder_area=\u00bbpost_content\u00bb hover_enabled=\u00bb0&#8243; sticky_enabled=\u00bb0&#8243;][et_pb_column _builder_version=\u00bb4.27.6&#8243; _module_preset=\u00bbdefault\u00bb type=\u00bb4_4&#8243; theme_builder_area=\u00bbpost_content\u00bb module_class=\u00bbtarjeta-servicio\u00bb hover_enabled=\u00bb0&#8243; sticky_enabled=\u00bb0&#8243;][et_pb_video src=\u00bbhttps:\/\/mispequenosgigantes.edu.co\/wp-content\/uploads\/2026\/05\/dia-del-maestro-1.mp4&#8243; _builder_version=\u00bb4.27.6&#8243; _module_preset=\u00bbdefault\u00bb theme_builder_area=\u00bbpost_content\u00bb title_text=\u00bbdia del maestro (1)\u00bb height=\u00bb1000px\u00bb min_height=\u00bb50%\u00bb width=\u00bb47%\u00bb module_alignment=\u00bbcenter\u00bb width_last_edited=\u00bbon|phone\u00bb hover_enabled=\u00bb0&#8243; sticky_enabled=\u00bb0&#8243; width_tablet=\u00bb47%\u00bb width_phone=\u00bb47%\u00bb][\/et_pb_video][\/et_pb_column][\/et_pb_row][\/et_pb_section]<\/p>\n","protected":false},"excerpt":{"rendered":"<p>Hoy en Mis Peque\u00f1os Gigantes celebramos el D\u00eda del Maestro.En esta fecha tan especial, queremos exaltar y agradecer la maravillosa labor que cada una de ustedes realiza d\u00eda a d\u00eda. Ser maestro no es solo ense\u00f1ar contenidos, es acompa\u00f1ar, guiar, escuchar y formar con amor a cada ni\u00f1o y ni\u00f1a que llega a sus manos. [&hellip;]<\/p>\n","protected":false},"author":1,"featured_media":0,"comment_status":"open","ping_status":"closed","sticky":false,"template":"","format":"standard","meta":{"_et_pb_use_builder":"on","_et_pb_old_content":"","_et_gb_content_width":"","footnotes":""},"categories":[1],"tags":[16,15],"class_list":["post-1982","post","type-post","status-publish","format-standard","hentry","category-novedades","tag-actividad","tag-actividades"],"_links":{"self":[{"href":"https:\/\/mispequenosgigantes.edu.co\/index.php\/wp-json\/wp\/v2\/posts\/1982","targetHints":{"allow":["GET"]}}],"collection":[{"href":"https:\/\/mispequenosgigantes.edu.co\/index.php\/wp-json\/wp\/v2\/posts"}],"about":[{"href":"https:\/\/mispequenosgigantes.edu.co\/index.php\/wp-json\/wp\/v2\/types\/post"}],"author":[{"embeddable":true,"href":"https:\/\/mispequenosgigantes.edu.co\/index.php\/wp-json\/wp\/v2\/users\/1"}],"replies":[{"embeddable":true,"href":"https:\/\/mispequenosgigantes.edu.co\/index.php\/wp-json\/wp\/v2\/comments?post=1982"}],"version-history":[{"count":4,"href":"https:\/\/mispequenosgigantes.edu.co\/index.php\/wp-json\/wp\/v2\/posts\/1982\/revisions"}],"predecessor-version":[{"id":1991,"href":"https:\/\/mispequenosgigantes.edu.co\/index.php\/wp-json\/wp\/v2\/posts\/1982\/revisions\/1991"}],"wp:attachment":[{"href":"https:\/\/mispequenosgigantes.edu.co\/index.php\/wp-json\/wp\/v2\/media?parent=1982"}],"wp:term":[{"taxonomy":"category","embeddable":true,"href":"https:\/\/mispequenosgigantes.edu.co\/index.php\/wp-json\/wp\/v2\/categories?post=1982"},{"taxonomy":"post_tag","embeddable":true,"href":"https:\/\/mispequenosgigantes.edu.co\/index.php\/wp-json\/wp\/v2\/tags?post=1982"}],"curies":[{"name":"wp","href":"https:\/\/api.w.org\/{rel}","templated":true}]}}